{"id":2027,"date":"2017-01-26T17:15:36","date_gmt":"2017-01-26T15:15:36","guid":{"rendered":"http:\/\/www.apbb.de\/weblog\/?p=2027"},"modified":"2021-04-09T17:54:46","modified_gmt":"2021-04-09T16:54:46","slug":"weltkongress-bibliothek-und-information-2017-im-nachbarland-polen","status":"publish","type":"post","link":"https:\/\/www.apbb.de\/weblog\/?p=2027","title":{"rendered":"Weltkongress Bibliothek und Information 2017 im Nachbarland Polen"},"content":{"rendered":"<p>In Wroclaw (Breslau) findet der 83. Weltkongress Bibliothek und Information der IFLA vom 19. bis 25. August 2017 statt.<\/p>\n<p>Stipendien f\u00fcr die Teilnahme bietet Bibliothek und Information (BII) Deutschland an. Antr\u00e4ge k\u00f6nnen noch bis zum 15. Februar 2017 eingereicht werden.<\/p>\n<p>Nutzen Sie die Gelegenheit, an einer spannenden Weiterbildung in internationalem Umfeld teilzunehmen.<\/p>\n<p>Weitere Informationen zu den BII-Stipenden finden Sie hier:<\/p>\n<blockquote class=\"wp-embedded-content\" data-secret=\"Tpz5k6QBGU\"><p><a href=\"http:\/\/www.ifla-deutschland.de\/2017\/01\/09\/teilnahme-am-ifla-weltkongress-2017-in-wroclaw-polen-reisekostenantraege-bis-zum-15-februar-2017-einreichen\/\">Teilnahme am IFLA-Weltkongress 2017 in Wroclaw (Polen) \u2013 Reisekostenantr\u00e4ge bis zum 15.Februar 2017 einreichen!<\/a><\/p><\/blockquote>\n<p><iframe loading=\"lazy\" class=\"wp-embedded-content\" sandbox=\"allow-scripts\" security=\"restricted\" style=\"position: absolute; clip: rect(1px, 1px, 1px, 1px);\" title=\"&#8222;Teilnahme am IFLA-Weltkongress 2017 in Wroclaw (Polen) \u2013 Reisekostenantr\u00e4ge bis zum 15.Februar 2017 einreichen!&#8220; &#8212; IFLA in Deutschland\" src=\"http:\/\/www.ifla-deutschland.de\/2017\/01\/09\/teilnahme-am-ifla-weltkongress-2017-in-wroclaw-polen-reisekostenantraege-bis-zum-15-februar-2017-einreichen\/embed\/#?secret=Tpz5k6QBGU\" data-secret=\"Tpz5k6QBGU\" width=\"584\" height=\"329\" frameborder=\"0\" marginwidth=\"0\" marginheight=\"0\" scrolling=\"no\"><\/iframe><\/p>\n<p>Informationen zur Weltkongress 2017 finden Sie hier:<\/p>\n<p><a href=\"http:\/\/2017.ifla.org\/\">http:\/\/2017.ifla.org\/<\/a><\/p>\n","protected":false},"excerpt":{"rendered":"<p>In Wroclaw (Breslau) findet der 83. Weltkongress Bibliothek und Information der IFLA vom 19. bis 25. August 2017 statt. Stipendien f\u00fcr die Teilnahme bietet Bibliothek und Information (BII) Deutschland an. Antr\u00e4ge k\u00f6nnen noch bis zum 15. Februar 2017 eingereicht werden. Nutzen Sie die Gelegenheit, an einer spannenden Weiterbildung in internationalem Umfeld teilzunehmen. Weitere Informationen zu den BII-Stipenden finden Sie hier: Teilnahme am IFLA-Weltkongress 2017 in Wroclaw (Polen) \u2013 Reisekostenantr\u00e4ge bis zum 15.Februar 2017 einreichen! Informationen zur Weltkongress 2017 finden Sie hier: http:\/\/2017.ifla.org\/<\/p>\n","protected":false},"author":20,"featured_media":0,"comment_status":"closed","ping_status":"closed","sticky":false,"template":"","format":"standard","meta":{"footnotes":""},"categories":[3,11,7],"tags":[71],"class_list":["post-2027","post","type-post","status-publish","format-standard","hentry","category-apbb","category-ifla","category-tagung","tag-wlic"],"_links":{"self":[{"href":"https:\/\/www.apbb.de\/weblog\/index.php?rest_route=\/wp\/v2\/posts\/2027","targetHints":{"allow":["GET"]}}],"collection":[{"href":"https:\/\/www.apbb.de\/weblog\/index.php?rest_route=\/wp\/v2\/posts"}],"about":[{"href":"https:\/\/www.apbb.de\/weblog\/index.php?rest_route=\/wp\/v2\/types\/post"}],"author":[{"embeddable":true,"href":"https:\/\/www.apbb.de\/weblog\/index.php?rest_route=\/wp\/v2\/users\/20"}],"replies":[{"embeddable":true,"href":"https:\/\/www.apbb.de\/weblog\/index.php?rest_route=%2Fwp%2Fv2%2Fcomments&post=2027"}],"version-history":[{"count":7,"href":"https:\/\/www.apbb.de\/weblog\/index.php?rest_route=\/wp\/v2\/posts\/2027\/revisions"}],"predecessor-version":[{"id":3013,"href":"https:\/\/www.apbb.de\/weblog\/index.php?rest_route=\/wp\/v2\/posts\/2027\/revisions\/3013"}],"wp:attachment":[{"href":"https:\/\/www.apbb.de\/weblog\/index.php?rest_route=%2Fwp%2Fv2%2Fmedia&parent=2027"}],"wp:term":[{"taxonomy":"category","embeddable":true,"href":"https:\/\/www.apbb.de\/weblog\/index.php?rest_route=%2Fwp%2Fv2%2Fcategories&post=2027"},{"taxonomy":"post_tag","embeddable":true,"href":"https:\/\/www.apbb.de\/weblog\/index.php?rest_route=%2Fwp%2Fv2%2Ftags&post=2027"}],"curies":[{"name":"wp","href":"https:\/\/api.w.org\/{rel}","templated":true}]}}