{"id":2701,"date":"2020-03-13T11:35:07","date_gmt":"2020-03-13T09:35:07","guid":{"rendered":"http:\/\/www.apbb.de\/weblog\/?p=2701"},"modified":"2020-06-24T09:37:29","modified_gmt":"2020-06-24T07:37:29","slug":"fortbildung-erschliessung-von-juristischen-werken-und-deren-kommentare-nach-rda","status":"publish","type":"post","link":"https:\/\/www.apbb.de\/weblog\/?p=2701","title":{"rendered":"Fortbildung &#8222;Erschlie\u00dfung von juristischen Werken und deren Kommentare nach RDA&#8220;"},"content":{"rendered":"<p><span style=\"color: #ff0000;\"><em><strong>Muss leider aufgrund des Corona-Virus verschoben werden! Neuer Termin wird rechtzeitig bekannt gegeben.<\/strong><\/em><\/span><\/p>\n<p><strong>Termin<\/strong>: Dienstag, 31.03.2020,\u00a0 09:30 Uhr\u00a0 \u2013 17 Uhr. <strong>Veranstalter: <\/strong>Arbeitsgemeinschaft der Parlaments- und Beh\u00f6rdenbibliotheken. \u2013 <strong>Veranstaltungsort:\u00a0<\/strong> Landtag Rheinland-Pfalz, Mainz<\/p>\n<p>Weitere Informationen: <a href=\"https:\/\/www.apbb.de\/weblog\/wp-content\/uploads\/2020\/01\/RDA_Juristische-Werke_Schmidt_Text.pdf\">RDA_Juristische Werke_Schmidt_Text<\/a><\/p>\n<p>Anmeldung: <a href=\"https:\/\/www.apbb.de\/weblog\/wp-content\/uploads\/2020\/01\/Anmeldung_RDA_2020.docx\">Anmeldung_RDA_2020<\/a><\/p>\n<p>F\u00fcr R\u00fcckfragen steht Frau Bernhardt gerne zur Verf\u00fcgung:<\/p>\n<p>Bibliothek und Informationsvermittlung<br \/>\ndes Ministeriums f\u00fcr Kinder, Familie, Fl\u00fcchtlinge und Integration des Landes Nordrhein-Westfalen &amp; des Ministeriums f\u00fcr Wirtschaft, Innovation, Digitalisierung und Energie des Landes Nordrhein-Westfalen<\/p>\n<p>Tel.:\u00a0\u00a0\u00a0\u00a0\u00a0 +49-(0)211-837-2447<br \/>\nFax:\u00a0\u00a0\u00a0\u00a0\u00a0 +49-(0)211-837-662447<br \/>\nE-Mail:\u00a0\u00a0 <a href=\"mailto: erika.bernhardt@mkffi.nrw.de\">erika.bernhardt@mkffi.nrw.de<\/a><\/p>\n","protected":false},"excerpt":{"rendered":"<p>Muss leider aufgrund des Corona-Virus verschoben werden! Neuer Termin wird rechtzeitig bekannt gegeben. Termin: Dienstag, 31.03.2020,\u00a0 09:30 Uhr\u00a0 \u2013 17 Uhr. Veranstalter: Arbeitsgemeinschaft der Parlaments- und Beh\u00f6rdenbibliotheken. \u2013 Veranstaltungsort:\u00a0 Landtag Rheinland-Pfalz, Mainz Weitere Informationen: RDA_Juristische Werke_Schmidt_Text Anmeldung: Anmeldung_RDA_2020 F\u00fcr R\u00fcckfragen steht Frau Bernhardt gerne zur Verf\u00fcgung: Bibliothek und Informationsvermittlung des Ministeriums f\u00fcr Kinder, Familie, Fl\u00fcchtlinge und Integration des Landes Nordrhein-Westfalen &amp; des Ministeriums f\u00fcr Wirtschaft, Innovation, Digitalisierung und Energie des Landes Nordrhein-Westfalen Tel.:\u00a0\u00a0\u00a0\u00a0\u00a0 +49-(0)211-837-2447 Fax:\u00a0\u00a0\u00a0\u00a0\u00a0 +49-(0)211-837-662447 E-Mail:\u00a0\u00a0 erika.bernhardt@mkffi.nrw.de<\/p>\n","protected":false},"author":20,"featured_media":0,"comment_status":"closed","ping_status":"closed","sticky":false,"template":"","format":"standard","meta":{"footnotes":""},"categories":[3,6],"tags":[10],"class_list":["post-2701","post","type-post","status-publish","format-standard","hentry","category-apbb","category-fortbildung","tag-fortbildungsveranstaltung"],"_links":{"self":[{"href":"https:\/\/www.apbb.de\/weblog\/index.php?rest_route=\/wp\/v2\/posts\/2701","targetHints":{"allow":["GET"]}}],"collection":[{"href":"https:\/\/www.apbb.de\/weblog\/index.php?rest_route=\/wp\/v2\/posts"}],"about":[{"href":"https:\/\/www.apbb.de\/weblog\/index.php?rest_route=\/wp\/v2\/types\/post"}],"author":[{"embeddable":true,"href":"https:\/\/www.apbb.de\/weblog\/index.php?rest_route=\/wp\/v2\/users\/20"}],"replies":[{"embeddable":true,"href":"https:\/\/www.apbb.de\/weblog\/index.php?rest_route=%2Fwp%2Fv2%2Fcomments&post=2701"}],"version-history":[{"count":7,"href":"https:\/\/www.apbb.de\/weblog\/index.php?rest_route=\/wp\/v2\/posts\/2701\/revisions"}],"predecessor-version":[{"id":2765,"href":"https:\/\/www.apbb.de\/weblog\/index.php?rest_route=\/wp\/v2\/posts\/2701\/revisions\/2765"}],"wp:attachment":[{"href":"https:\/\/www.apbb.de\/weblog\/index.php?rest_route=%2Fwp%2Fv2%2Fmedia&parent=2701"}],"wp:term":[{"taxonomy":"category","embeddable":true,"href":"https:\/\/www.apbb.de\/weblog\/index.php?rest_route=%2Fwp%2Fv2%2Fcategories&post=2701"},{"taxonomy":"post_tag","embeddable":true,"href":"https:\/\/www.apbb.de\/weblog\/index.php?rest_route=%2Fwp%2Fv2%2Ftags&post=2701"}],"curies":[{"name":"wp","href":"https:\/\/api.w.org\/{rel}","templated":true}]}}