{"id":3458,"date":"2022-11-08T12:15:48","date_gmt":"2022-11-08T11:15:48","guid":{"rendered":"http:\/\/www.apbb.de\/weblog\/?p=3458"},"modified":"2022-11-08T12:15:48","modified_gmt":"2022-11-08T11:15:48","slug":"tagungsbericht-zur-akmb-arbeitssitzung-we-can-do-it-was-leisten-bibliothekarische-arbeitsgemeinschaften-und-wie-planen-sie-zukuenftig-beim-bibliothekskongress-2022","status":"publish","type":"post","link":"https:\/\/www.apbb.de\/weblog\/?p=3458","title":{"rendered":"Tagungsbericht zur AKMB-Arbeitssitzung &#8222;We can do it! \u2013 Was leisten bibliothekarische Arbeitsgemeinschaften und wie planen sie zuk\u00fcnftig?&#8220; beim Bibliothekskongress 2022"},"content":{"rendered":"\n<p><a rel=\"noreferrer noopener\" href=\"https:\/\/www.o-bib.de\/bib\/index\" target=\"_blank\">o-bib<\/a>, das offene Bibliotheksjournal hat in seiner <a rel=\"noreferrer noopener\" href=\"https:\/\/doi.org\/10.5282\/o-bib\/2022H4\" target=\"_blank\">aktuellen Ausgabe<\/a> einen <a href=\"https:\/\/doi.org\/10.5282\/o-bib\/5853\" target=\"_blank\" rel=\"noreferrer noopener\">Tagungsbericht<\/a> zur Arbeitsitzung der Arbeitsgemeinschaft der Kunst- und Museumsbibliotheken (AKMB) &#8222;We can do it! \u2013 Was leisten bibliothekarische Arbeitsgemeinschaften und wie planen sie zuk\u00fcnftig?&#8220; ver\u00f6ffentlicht, die am 2. Juni 2022 beim Bibliothekskongress in Leipzig stattfand. Sie umfasste zwei Vortr\u00e4ge sowie eine Podiumsdiskussion, an der neben anderen Vertreterinnen und Vertretern verschiedener fachbezogener Arbeitsgemeinschaften auch die Vorsitzende der APBB Christine Wellems teilnahm. <\/p>\n","protected":false},"excerpt":{"rendered":"<p>o-bib, das offene Bibliotheksjournal hat in seiner aktuellen Ausgabe einen Tagungsbericht zur Arbeitsitzung der Arbeitsgemeinschaft der Kunst- und Museumsbibliotheken (AKMB) &#8222;We can do it! \u2013 Was leisten bibliothekarische Arbeitsgemeinschaften und wie planen sie zuk\u00fcnftig?&#8220; ver\u00f6ffentlicht, die am 2. Juni 2022 beim Bibliothekskongress in Leipzig stattfand. Sie umfasste zwei Vortr\u00e4ge sowie eine Podiumsdiskussion, an der neben anderen Vertreterinnen und Vertretern verschiedener fachbezogener Arbeitsgemeinschaften auch die Vorsitzende der APBB Christine Wellems teilnahm.<\/p>\n","protected":false},"author":20,"featured_media":0,"comment_status":"closed","ping_status":"closed","sticky":false,"template":"","format":"standard","meta":{"footnotes":""},"categories":[5,7],"tags":[125],"class_list":["post-3458","post","type-post","status-publish","format-standard","hentry","category-bibliothekartag","category-tagung","tag-bibliothekskongress-2022"],"_links":{"self":[{"href":"https:\/\/www.apbb.de\/weblog\/index.php?rest_route=\/wp\/v2\/posts\/3458","targetHints":{"allow":["GET"]}}],"collection":[{"href":"https:\/\/www.apbb.de\/weblog\/index.php?rest_route=\/wp\/v2\/posts"}],"about":[{"href":"https:\/\/www.apbb.de\/weblog\/index.php?rest_route=\/wp\/v2\/types\/post"}],"author":[{"embeddable":true,"href":"https:\/\/www.apbb.de\/weblog\/index.php?rest_route=\/wp\/v2\/users\/20"}],"replies":[{"embeddable":true,"href":"https:\/\/www.apbb.de\/weblog\/index.php?rest_route=%2Fwp%2Fv2%2Fcomments&post=3458"}],"version-history":[{"count":2,"href":"https:\/\/www.apbb.de\/weblog\/index.php?rest_route=\/wp\/v2\/posts\/3458\/revisions"}],"predecessor-version":[{"id":3460,"href":"https:\/\/www.apbb.de\/weblog\/index.php?rest_route=\/wp\/v2\/posts\/3458\/revisions\/3460"}],"wp:attachment":[{"href":"https:\/\/www.apbb.de\/weblog\/index.php?rest_route=%2Fwp%2Fv2%2Fmedia&parent=3458"}],"wp:term":[{"taxonomy":"category","embeddable":true,"href":"https:\/\/www.apbb.de\/weblog\/index.php?rest_route=%2Fwp%2Fv2%2Fcategories&post=3458"},{"taxonomy":"post_tag","embeddable":true,"href":"https:\/\/www.apbb.de\/weblog\/index.php?rest_route=%2Fwp%2Fv2%2Ftags&post=3458"}],"curies":[{"name":"wp","href":"https:\/\/api.w.org\/{rel}","templated":true}]}}